{"id":482,"date":"2019-09-18T14:03:12","date_gmt":"2019-09-18T17:03:12","guid":{"rendered":"https:\/\/blog.filhosemfila.com.br\/?p=482"},"modified":"2019-09-18T15:03:45","modified_gmt":"2019-09-18T18:03:45","slug":"o-bullying-existe-e-deve-ser-combatido","status":"publish","type":"post","link":"https:\/\/blog.schoolguardian.app\/index.php\/2019\/09\/18\/o-bullying-existe-e-deve-ser-combatido\/","title":{"rendered":"O bullying existe e deve ser combatido"},"content":{"rendered":"<h6>Especialista explica o que significa o termo na pr\u00e1tica, mostra como pais e escola podem evitar este crime e fala sobre a import\u00e2ncia da campanha Setembro Amarelo para a conscientiza\u00e7\u00e3o de que o bullying pode causar danos irremedi\u00e1veis.<\/h6>\n<p>Bullying vem do ingl\u00eas bully, que significa valent\u00e3o ou brig\u00e3o, e segundo a psic\u00f3loga Danielle Bassi, a pr\u00e1tica consiste em \u201ccomportamentos com diversos n\u00edveis de viol\u00eancia, que v\u00e3o desde chatea\u00e7\u00f5es inoportunas ou hostis at\u00e9 fatos francamente agressivos, em forma verbal ou n\u00e3o, intencionais e repetidos, sem motiva\u00e7\u00e3o aparente, provocados por um ou mais estudantes em rela\u00e7\u00e3o a outros, causando dor, ang\u00fastia, exclus\u00e3o, humilha\u00e7\u00e3o e discrimina\u00e7\u00e3o, por exemplo, na qual os agentes causadores se colocam em uma posi\u00e7\u00e3o hier\u00e1rquica superior\u201d, diz.<\/p>\n<p>Inclu\u00eddo em 2013 pela Comiss\u00e3o de Seguran\u00e7a P\u00fablica e Combate ao Crime Organizado, o bullying entrou no C\u00f3digo Penal (Decreto-lei 2.848\/40) como crime de intimida\u00e7\u00e3o vexat\u00f3ria.<\/p>\n<blockquote><p>\u201cNo Brasil, diversas palavras e express\u00f5es t\u00eam sentido equivalentes ao bullying, como zoar, intimidar, humilhar, amea\u00e7ar, excluir, difamar e tantas outras. Tal comportamento se manifesta tamb\u00e9m por atos repetidos de opress\u00e3o, discrimina\u00e7\u00e3o, intimida\u00e7\u00e3o, xingamentos, chacotas, tirania, agress\u00e3o a pessoas ou grupos\u201d, explica a psic\u00f3loga.<\/p><\/blockquote>\n<p>Danielle falou ainda sobre a import\u00e2ncia da campanha Setembro Amarelo para a conscientiza\u00e7\u00e3o de uma pr\u00e1tica que pode levar \u00e0 morte.<\/p>\n<blockquote><p>\u201c\u00c9 um per\u00edodo para trazer \u00e0 tona uma das piores consequ\u00eancias das a\u00e7\u00f5es de bullying, o suic\u00eddio. Engana-se aquele que diz que \u00e9 apenas uma brincadeira, mas afirmo que n\u00e3o \u00e9. A brincadeira \u00e9 pontual, pode ofender e trazer consequ\u00eancias emocionais tamb\u00e9m, mas o bullying, como mostrado anteriormente, \u00e9 uma a\u00e7\u00e3o repetida v\u00e1rias vezes por um ou mais agressores e pode levar uma crian\u00e7a ou adolescente a dar fim em sua vida por n\u00e3o aguentar mais aquela situa\u00e7\u00e3o\u201d, afirma.<\/p><\/blockquote>\n<p>Os pais precisam acompanhar com muita aten\u00e7\u00e3o seus filhos para notarem se eles est\u00e3o sofrendo bullying.<\/p>\n<blockquote><p>\u201cCabe aos pais sempre observarem o comportamento das crian\u00e7as e indagarem n\u00e3o apenas sobre o conte\u00fado escolar, mas tamb\u00e9m sobre as rela\u00e7\u00f5es com os colegas de escola. Esses bate-papos com eles, al\u00e9m de serem investigativos, devem funcionar, antes de mais nada, de forma preventiva, orientando os filhos a se defenderem ou ajudarem um colega, como tamb\u00e9m a n\u00e3o ser um agente causador dessa viol\u00eancia. Esses momentos dos pais com os filhos s\u00e3o importantes, tamb\u00e9m, para o fortalecimento emocional da crian\u00e7a ou do adolescente\u201d, orienta Danielle.<\/p>\n<p><span style=\"font-weight: 400\">\u201cA escola pertence \u00e0 sociedade como um todo, sendo assim, \u00e9 responsabilidade dos pais agirem em todos os programas contidos nela, n\u00e3o apenas fiscalizando e\/ou delatando os fatos, mas tamb\u00e9m sendo um agente realizador, participando efetivamente com ideias e a\u00e7\u00f5es. Por exemplo: os pais podem criar um grupo de acolhimento \u00e0s v\u00edtimas de bullying, enquanto outros promovem bate-papos orientativos e preventivos\u201d, complementa. <\/span><\/p><\/blockquote>\n<p>O envolvimento de professores, funcion\u00e1rios, pais e alunos \u00e9 fundamental para a implementa\u00e7\u00e3o de projetos de redu\u00e7\u00e3o do bullying dentro das escolas.<\/p>\n<blockquote><p>\u201cA participa\u00e7\u00e3o de todos visa estabelecer normas, diretrizes e a\u00e7\u00f5es coerentes. As a\u00e7\u00f5es devem priorizar a conscientiza\u00e7\u00e3o geral, o apoio \u00e0s v\u00edtimas, fazendo com que se sintam protegidas, a conscientiza\u00e7\u00e3o dos agressores sobre a incorre\u00e7\u00e3o de seus atos e a garantia de um ambiente escolar sadio e seguro. O bullying \u00e9 complexo e de dif\u00edcil solu\u00e7\u00e3o, portanto \u00e9 preciso que o trabalho seja continuado. As a\u00e7\u00f5es s\u00e3o relativamente simples e de baixo custo, podendo ser inclu\u00eddas no cotidiano das escolas, inserindo como temas transversais em todos os momentos da vida escolar. Deve-se encorajar os alunos a participarem ativamente da supervis\u00e3o e interven\u00e7\u00e3o dos atos de bullying, pois o enfrentamento da situa\u00e7\u00e3o pelas testemunhas demonstra aos autores que eles n\u00e3o ter\u00e3o o apoio do grupo. Treinamentos por meio de t\u00e9cnicas de dramatiza\u00e7\u00e3o podem ser \u00fateis para que adquiram habilidade para lidar de diferentes formas. Uma outra estrat\u00e9gia \u00e9 a forma\u00e7\u00e3o de grupos de apoio, que protegem os alvos e auxiliam na solu\u00e7\u00e3o das situa\u00e7\u00f5es de bullying\u201d, indica a psic\u00f3loga.<\/p><\/blockquote>\n<p>Ela ainda ressalta que a cont\u00ednua exposi\u00e7\u00e3o ao bullying, nos seus mais variados tipos, pode acarretar para as v\u00edtimas problemas comportamentais e emocionais, com destaque para o estresse, a diminui\u00e7\u00e3o ou perda da autoestima, a ansiedade, depress\u00e3o, o baixo rendimento escolar e, at\u00e9 mesmo, em casos mais severos, o suic\u00eddio.<\/p>\n<p>E voc\u00ea, j\u00e1 passou por alguma situa\u00e7\u00e3o deste tipo? J\u00e1 teve que intervir em uma pr\u00e1tica de bullying? Conte aqui para n\u00f3s! Ah, e n\u00e3o esque\u00e7a de compartilhar este tema, pois, al\u00e9m de estarmos em meia \u00e0 campanha Setembro Amarelo, muitas pessoas que voc\u00ea conhece podem estar passando por isso e n\u00e3o sabem como lidar.<\/p>\n","protected":false},"excerpt":{"rendered":"<p>Especialista explica o que significa o termo na pr\u00e1tica, mostra como pais e escola podem evitar este crime e fala sobre a import\u00e2ncia da campanha Setembro Amarelo para a conscientiza\u00e7\u00e3o de que o bullying pode causar danos irremedi\u00e1veis. Bullying vem do ingl\u00eas bully, que significa valent\u00e3o ou brig\u00e3o, e segundo a psic\u00f3loga Danielle Bassi, a [&hellip;]<\/p>\n","protected":false},"author":9,"featured_media":485,"comment_status":"open","ping_status":"open","sticky":false,"template":"","format":"standard","meta":[],"categories":[8,7,1],"tags":[128,131,130,21,129],"_links":{"self":[{"href":"https:\/\/blog.schoolguardian.app\/index.php\/wp-json\/wp\/v2\/posts\/482"}],"collection":[{"href":"https:\/\/blog.schoolguardian.app\/index.php\/wp-json\/wp\/v2\/posts"}],"about":[{"href":"https:\/\/blog.schoolguardian.app\/index.php\/wp-json\/wp\/v2\/types\/post"}],"author":[{"embeddable":true,"href":"https:\/\/blog.schoolguardian.app\/index.php\/wp-json\/wp\/v2\/users\/9"}],"replies":[{"embeddable":true,"href":"https:\/\/blog.schoolguardian.app\/index.php\/wp-json\/wp\/v2\/comments?post=482"}],"version-history":[{"count":1,"href":"https:\/\/blog.schoolguardian.app\/index.php\/wp-json\/wp\/v2\/posts\/482\/revisions"}],"predecessor-version":[{"id":483,"href":"https:\/\/blog.schoolguardian.app\/index.php\/wp-json\/wp\/v2\/posts\/482\/revisions\/483"}],"wp:featuredmedia":[{"embeddable":true,"href":"https:\/\/blog.schoolguardian.app\/index.php\/wp-json\/wp\/v2\/media\/485"}],"wp:attachment":[{"href":"https:\/\/blog.schoolguardian.app\/index.php\/wp-json\/wp\/v2\/media?parent=482"}],"wp:term":[{"taxonomy":"category","embeddable":true,"href":"https:\/\/blog.schoolguardian.app\/index.php\/wp-json\/wp\/v2\/categories?post=482"},{"taxonomy":"post_tag","embeddable":true,"href":"https:\/\/blog.schoolguardian.app\/index.php\/wp-json\/wp\/v2\/tags?post=482"}],"curies":[{"name":"wp","href":"https:\/\/api.w.org\/{rel}","templated":true}]}}