{"id":350,"date":"2019-04-22T16:29:23","date_gmt":"2019-04-22T19:29:23","guid":{"rendered":"https:\/\/blog.filhosemfila.com.br\/?p=350"},"modified":"2019-04-22T16:29:23","modified_gmt":"2019-04-22T19:29:23","slug":"dia-do-livro","status":"publish","type":"post","link":"https:\/\/blog.schoolguardian.app\/index.php\/2019\/04\/22\/dia-do-livro\/","title":{"rendered":"Todo dia \u00e9 dia de Livro!"},"content":{"rendered":"<p><em>Dia 23 de abril \u00e9 comemorado o <strong>Dia Mundial do Livro<\/strong> e algumas a\u00e7\u00f5es visam incentivar a leitura, em especial, para crian\u00e7as.<\/em><\/p>\n<p>&nbsp;<\/p>\n<p>Diversas cidades por todo o pa\u00eds promovem a\u00e7\u00f5es de incentivo \u00e0 leitura, estimulando as pessoas a visitarem espa\u00e7os, inclusive p\u00fablicos, para que possam conhecer autores e obras, em abril, considerado o m\u00eas da leitura, j\u00e1 que nos dias 2, 9, 18 e 23 s\u00e3o comemorados o<strong> Dia Internacional do Livro Infantil<\/strong>, o <strong>Dia Nacional da Biblioteca<\/strong>, o <strong>Dia Nacional do Livro Infantil<\/strong> e o <strong>Dia Mundial do Livro<\/strong>, respectivamente.<\/p>\n<p>Institu\u00eddo pela ONU (Organiza\u00e7\u00e3o das Na\u00e7\u00f5es Unidas) em 1995, o Dia Mundial do Livro tem como objetivo estimular a reflex\u00e3o sobre a leitura, a ind\u00fastria de livros e a propriedade intelectual, al\u00e9m disso, tr\u00eas grandes escritores faleceram no dia 23 de abril: Miguel de Cervantes (1547-1616), William Shakespeare (1564-1616) e Josep Pla i Casadevall (1897-1981).<\/p>\n<p>No projeto <strong>F\u00e1bricas de Cultura<\/strong>, por exemplo, em S\u00e3o Paulo, no dia <strong>24 de abril<\/strong>, acontece a <strong>Oficina de Cria\u00e7\u00e3o de Livros<\/strong>, na qual os participantes ir\u00e3o conhecer os processos de confec\u00e7\u00e3o e diversos formatos de livros. Al\u00e9m disso, ser\u00e3o estimulados a criar seus pr\u00f3prios livros, com suas hist\u00f3rias. Indicado a partir dos 8 anos, a oficina acontecer\u00e1 exclusivamente no espa\u00e7o da<strong> Vila Nova Cachoeirinha, a partir das 10h<\/strong>.<\/p>\n<p>Outra novidade para a data \u00e9 o <strong>Troca Livros<\/strong>, espa\u00e7o exclusivo no<strong> Alpha Square Mall, em Barueri<\/strong>, para que os visitantes compartilhem hist\u00f3rias e t\u00edtulos de autores preferidos. Na estreia, que acontecer\u00e1 exatamente no dia 23 de abril, as atividades, em parceria com a Ciranda Cultural, oferecem diversas op\u00e7\u00f5es liter\u00e1rias para adultos e crian\u00e7as, como as hist\u00f3rias de Peter Pan, a boneca Em\u00edlia e toda a trupe do Sitio do Pica-Pau Amarelo, Dom Quixote, Dom Casmurro e muitos outros. Tamb\u00e9m ter\u00e3o cl\u00e1ssicos renomados na vers\u00e3o quadrinhos. O <strong>acesso \u00e9 gratuito<\/strong> e as pessoas podem optar por fazer a leitura no local ou levar para casa.<\/p>\n<p>A partir do dia 22, a<strong> cidade de Manaus (AM)<\/strong> ser\u00e1 sede da <strong>3\u00aa edi\u00e7\u00e3o da Semana do Livro<\/strong>, iniciativa realizada pela prefeitura, em parceria com institui\u00e7\u00f5es de ensino, com programa\u00e7\u00e3o intensa com<strong> foco em Guimar\u00e3es Rosa<\/strong>, romancista que \u00e9 o tema principal deste ano. O evento acontece em quatro locais diferentes: <strong>Universidade Federal do Amazonas (UFAM), Universidade do Estado do Amazonas (UEA), Centro Universit\u00e1rio do Norte (Uninorte) e no Casar\u00e3o das Ideias<\/strong>. O evento \u00e9 voltado para os amantes de literatura, bem como para professores e estudantes.<\/p>\n<p>Em <strong>Caxias do Sul (RS)<\/strong>, a Secretaria da Cultura promover\u00e1 programa\u00e7\u00e3o em comemora\u00e7\u00e3o ao m\u00eas do livro <strong>at\u00e9 o dia 30 de abril<\/strong>, com conta\u00e7\u00e3o de hist\u00f3rias, oficinas, teatro e lan\u00e7amentos de projetos. Todas as <strong>atividades s\u00e3o gratuitas<\/strong>, mas algumas precisam de<strong> inscri\u00e7\u00e3o pr\u00e9via<\/strong> pelos telefones <strong>(54) 3221-1118 e (54) 3214-5937 ou pelo e-mail ppel@caxias.rs.gov.br.<\/strong><\/p>\n<p>J\u00e1 o<strong> Sesc RJ<\/strong> tem extensa <strong>programa\u00e7\u00e3o at\u00e9 o final do m\u00eas<\/strong>, com conta\u00e7\u00e3o de hist\u00f3rias, saraus, feiras de troca de livro, encontros e bate-papo. Tudo isso <strong>em 12 unidades do Sesc no Rio de Janeiro<\/strong>. Veja a programa\u00e7\u00e3o completa pelo site bit.ly\/2Zo6hJK.<\/p>\n<p>E a <strong>Biblioteca P\u00fablica Estadual Estev\u00e3o de Mendon\u00e7a<\/strong>, em <strong>Cuiab\u00e1<\/strong> (MT), tamb\u00e9m ter\u00e1 programa\u00e7\u00e3o especial <strong>at\u00e9 o dia 30 de abril<\/strong>, com diversas atividades de incentivo \u00e0 leitura, como conta\u00e7\u00e3o de hist\u00f3rias e oficinas de confec\u00e7\u00e3o de livros, desenho e pintura, que s\u00e3o<strong> gratuitas e voltadas, em especial, para o p\u00fablico infantil<\/strong>. <strong>Escolas interessadas<\/strong> em participar precisam fazer <strong>agendamento pelos telefones (65) 3613-9230 e (65) 3613-9240<\/strong>, ou pelo email <strong>carlossantos@secel.mt.gov.br<\/strong>.<\/p>\n","protected":false},"excerpt":{"rendered":"<p>Dia 23 de abril \u00e9 comemorado o Dia Mundial do Livro e algumas a\u00e7\u00f5es visam incentivar a leitura, em especial, para crian\u00e7as. &nbsp; Diversas cidades por todo o pa\u00eds promovem a\u00e7\u00f5es de incentivo \u00e0 leitura, estimulando as pessoas a visitarem espa\u00e7os, inclusive p\u00fablicos, para que possam conhecer autores e obras, em abril, considerado o m\u00eas [&hellip;]<\/p>\n","protected":false},"author":5,"featured_media":351,"comment_status":"open","ping_status":"open","sticky":false,"template":"","format":"standard","meta":[],"categories":[7],"tags":[],"_links":{"self":[{"href":"https:\/\/blog.schoolguardian.app\/index.php\/wp-json\/wp\/v2\/posts\/350"}],"collection":[{"href":"https:\/\/blog.schoolguardian.app\/index.php\/wp-json\/wp\/v2\/posts"}],"about":[{"href":"https:\/\/blog.schoolguardian.app\/index.php\/wp-json\/wp\/v2\/types\/post"}],"author":[{"embeddable":true,"href":"https:\/\/blog.schoolguardian.app\/index.php\/wp-json\/wp\/v2\/users\/5"}],"replies":[{"embeddable":true,"href":"https:\/\/blog.schoolguardian.app\/index.php\/wp-json\/wp\/v2\/comments?post=350"}],"version-history":[{"count":1,"href":"https:\/\/blog.schoolguardian.app\/index.php\/wp-json\/wp\/v2\/posts\/350\/revisions"}],"predecessor-version":[{"id":352,"href":"https:\/\/blog.schoolguardian.app\/index.php\/wp-json\/wp\/v2\/posts\/350\/revisions\/352"}],"wp:featuredmedia":[{"embeddable":true,"href":"https:\/\/blog.schoolguardian.app\/index.php\/wp-json\/wp\/v2\/media\/351"}],"wp:attachment":[{"href":"https:\/\/blog.schoolguardian.app\/index.php\/wp-json\/wp\/v2\/media?parent=350"}],"wp:term":[{"taxonomy":"category","embeddable":true,"href":"https:\/\/blog.schoolguardian.app\/index.php\/wp-json\/wp\/v2\/categories?post=350"},{"taxonomy":"post_tag","embeddable":true,"href":"https:\/\/blog.schoolguardian.app\/index.php\/wp-json\/wp\/v2\/tags?post=350"}],"curies":[{"name":"wp","href":"https:\/\/api.w.org\/{rel}","templated":true}]}}